{"id":5078,"date":"2014-01-14T17:08:46","date_gmt":"2014-01-14T19:08:46","guid":{"rendered":"http:\/\/www.vendedorautonomo.com.br\/site\/?p=5078"},"modified":"2014-01-14T17:08:46","modified_gmt":"2014-01-14T19:08:46","slug":"o-pior-emprego-do-mundo-e-o-meu","status":"publish","type":"post","link":"https:\/\/vendedorautonomo.com.br\/site\/o-pior-emprego-do-mundo-e-o-meu\/","title":{"rendered":"&quot;O pior emprego do mundo \u00e9 o meu&quot;"},"content":{"rendered":"<p><small>Por Prof. Marins* <\/small><br \/>\nJ\u00e1 ouvi essa frase dezenas de vezes. Sem muita consci\u00eancia da realidade, das dificuldades, da press\u00e3o por custos, dos efeitos da globaliza\u00e7\u00e3o nos mercados, muitos colaboradores come\u00e7am a desenvolver uma impress\u00e3o &#8211; que com o tempo e a repeti\u00e7\u00e3o passa a tornar-se, para eles, uma quase-verdade &#8211; de que trabalham na pior empresa do mundo, que t\u00eam o pior sal\u00e1rio do mundo, e que tudo na empresa \u00e9 muito ruim &#8211; da comida ao uniforme e que t\u00eam \u0093o pior emprego do mundo\u0094.<br \/>\n<img decoding=\"async\" src=\"http:\/\/www.vendedorautonomo.com.br\/site\/wp-content\/uploads\/2014\/01\/emprego-ruim.jpeg\" alt=\"emprego-ruim\" width=\"300\" height=\"200\" class=\"alignright size-full wp-image-5117\" \/><br \/>\n\u00c9 claro que h\u00e1 situa\u00e7\u00f5es salariais negativas. \u00c9 claro que h\u00e1 empresas em que a alimenta\u00e7\u00e3o e o uniforme n\u00e3o s\u00e3o os melhores. Mas ser\u00e1 essa a realidade da grande maioria? Ser\u00e1 essa a realidade da sua empresa, da empresa em que voc\u00ea trabalha?<br \/>\nAl\u00e9m disso, \u00e9 preciso usar um pouco de l\u00f3gica quando se faz uma afirma\u00e7\u00e3o desse tipo: melhor ou pior em rela\u00e7\u00e3o a qual empresa? Melhor ou pior em rela\u00e7\u00e3o a qual setor da economia? Melhor ou pior do que qual comida ou uniforme? Quando dizemos \u0093pior ou melhor\u0094 estamos fazendo uma afirma\u00e7\u00e3o comparativa. Estamos nos comparando com quem? Ser\u00e1 essa compara\u00e7\u00e3o justa? Seremos n\u00f3s, tamb\u00e9m, os melhores ou os piores colaboradores? Em rela\u00e7\u00e3o a quem?<br \/>\nAo fazer essas perguntas poderemos descobrir que estamos comparando situa\u00e7\u00f5es e realidades diferentes. Muitas vezes estamos fazendo compara\u00e7\u00f5es por ouvir dizer e acreditando mesmo em meias-verdades de amigos em churrascos de final de semana que afirmam receber de suas empresas aquilo que de fato n\u00e3o t\u00eam. Mente-se muito sobre sal\u00e1rios e benef\u00edcios para impressionar amigos. Cheque as informa\u00e7\u00f5es que lhe deram de outras empresas e voc\u00ea ver\u00e1 que estou falando a verdade.<br \/>\nE essa atitude continuada de falar mal da empresa por uma parte dos colaboradores pode at\u00e9 desestimular melhorias. Muitos empres\u00e1rios afirmam que \u0093n\u00e3o adianta melhorar nada, pois os empregados sempre reclamar\u00e3o\u0094.<br \/>\nMuitos dir\u00e3o que eu estou fazendo uma defesa injustificada dos patr\u00f5es e das empresas. Mas n\u00e3o \u00e9 isso que estou fazendo. O que estou pedindo \u00e9 que cada um fa\u00e7a uma justa avalia\u00e7\u00e3o da realidade e que tenha em conta todos os fatores que comp\u00f5em a realidade e n\u00e3o apenas uma vis\u00e3o ing\u00eanua e unilateral. Seremos n\u00f3s t\u00e3o competentes, dedicados e comprometidos como imaginamos ser?<br \/>\nNesta semana, fa\u00e7a uma an\u00e1lise fria, sensata e equilibrada de suas condi\u00e7\u00f5es de trabalho e de seu emprego. Ser\u00e1 que voc\u00ea realmente est\u00e1 no inferno que diz estar? Ser\u00e1 que voc\u00ea n\u00e3o est\u00e1 acreditando numa mentira e achando que est\u00e1 no pior emprego do mundo, na pior empresa, com o pior sal\u00e1rio do mundo?<br \/>\nPense nisso. Sucesso!<br \/>\n<img decoding=\"async\" src=\"http:\/\/www.vendedorautonomo.com.br\/site\/wp-content\/uploads\/2013\/05\/marins_1.jpg\" alt=\"marins_1\" width=\"140\" height=\"77\" class=\"alignleft size-full wp-image-216\" \/><br \/>\n&nbsp;<small><em>* O Professor Marins \u00e9 empres\u00e1rio nas \u00e1reas de consultoria, agribusiness, comunica\u00e7\u00e3o e marketing e turismo. Atrav\u00e9s da Anthropos Consulting &#8211; fundada em 1984 &#8211; presta consultoria \u00e0s maiores empresas brasileiras. Contato: marins@marins.com.br | www.marins.com.br<\/em><\/small><br \/>\n&nbsp;<\/p>\n","protected":false},"excerpt":{"rendered":"<p>Por Prof. Marins* J\u00e1 ouvi essa frase dezenas de vezes. Sem muita consci\u00eancia da realidade, das dificuldades, da press\u00e3o por custos, dos efeitos da globaliza\u00e7\u00e3o nos mercados, muitos colaboradores come\u00e7am a desenvolver uma impress\u00e3o &#8211; que com o tempo e a repeti\u00e7\u00e3o passa a tornar-se, para eles, uma quase-verdade &#8211; de que trabalham na pior &hellip; <br \/><a href=\"https:\/\/vendedorautonomo.com.br\/site\/o-pior-emprego-do-mundo-e-o-meu\/\" class=\"more-link\">Continue lendo <span class=\"screen-reader-text\">&quot;O pior emprego do mundo \u00e9 o meu&quot;<\/span><\/a><\/p>\n","protected":false},"author":1,"featured_media":216,"comment_status":"open","ping_status":"closed","sticky":false,"template":"","format":"standard","meta":{"footnotes":""},"categories":[116,127],"tags":[],"class_list":["post-5078","post","type-post","status-publish","format-standard","has-post-thumbnail","hentry","category-artigos","category-motivacao"],"_links":{"self":[{"href":"https:\/\/vendedorautonomo.com.br\/site\/wp-json\/wp\/v2\/posts\/5078","targetHints":{"allow":["GET"]}}],"collection":[{"href":"https:\/\/vendedorautonomo.com.br\/site\/wp-json\/wp\/v2\/posts"}],"about":[{"href":"https:\/\/vendedorautonomo.com.br\/site\/wp-json\/wp\/v2\/types\/post"}],"author":[{"embeddable":true,"href":"https:\/\/vendedorautonomo.com.br\/site\/wp-json\/wp\/v2\/users\/1"}],"replies":[{"embeddable":true,"href":"https:\/\/vendedorautonomo.com.br\/site\/wp-json\/wp\/v2\/comments?post=5078"}],"version-history":[{"count":0,"href":"https:\/\/vendedorautonomo.com.br\/site\/wp-json\/wp\/v2\/posts\/5078\/revisions"}],"wp:featuredmedia":[{"embeddable":true,"href":"https:\/\/vendedorautonomo.com.br\/site\/wp-json\/"}],"wp:attachment":[{"href":"https:\/\/vendedorautonomo.com.br\/site\/wp-json\/wp\/v2\/media?parent=5078"}],"wp:term":[{"taxonomy":"category","embeddable":true,"href":"https:\/\/vendedorautonomo.com.br\/site\/wp-json\/wp\/v2\/categories?post=5078"},{"taxonomy":"post_tag","embeddable":true,"href":"https:\/\/vendedorautonomo.com.br\/site\/wp-json\/wp\/v2\/tags?post=5078"}],"curies":[{"name":"wp","href":"https:\/\/api.w.org\/{rel}","templated":true}]}}