{"id":4829,"date":"2014-01-08T10:28:56","date_gmt":"2014-01-08T12:28:56","guid":{"rendered":"http:\/\/www.vendedorautonomo.com.br\/site\/?p=4829"},"modified":"2014-01-08T10:28:56","modified_gmt":"2014-01-08T12:28:56","slug":"os-10-maiores-erros-das-fan-pages","status":"publish","type":"post","link":"https:\/\/vendedorautonomo.com.br\/site\/os-10-maiores-erros-das-fan-pages\/","title":{"rendered":"Os 10 maiores erros das Fan Pages"},"content":{"rendered":"<p><img decoding=\"async\" class=\"alignright size-full wp-image-4830\" alt=\"facebook-fail\" src=\"http:\/\/www.vendedorautonomo.com.br\/site\/wp-content\/uploads\/2014\/01\/facebook-fail.jpg\" width=\"300\" height=\"200\" \/>Vejo v\u00e1rias p\u00e1ginas de Facebook cometendo erros cruciais praticamente todos os dias. Isso dificulta a cria\u00e7\u00e3o de uma audi\u00eancia, o que depois acaba por traduzir-se em menos vendas.<br \/>\nComo o meu objetivo \u00e9 ajud\u00e1-lo a cometer menos erros, eu separei para voc\u00ea aqueles que s\u00e3o, na minha opini\u00e3o, os dez principais erros que acontecem nas p\u00e1ginas de Facebook:<br \/>\n<strong>Deixar a p\u00e1gina durante muito tempo sem atualiza\u00e7\u00f5es:<\/strong> Para quem n\u00e3o sabe, o Facebook tem um algoritmo denominado <em>EdgeRank<\/em>. Se uma Fan Page ficar v\u00e1rios dias sem ser atualizada, o seu EdgeRank desce e as publica\u00e7\u00f5es dela passam a aparecer a menos f\u00e3s.<br \/>\n<strong>Publica\u00e7\u00f5es fora do nicho de mercado:<\/strong> A defini\u00e7\u00e3o do p\u00fablico-alvo \u00e9 determinante pois ela condiciona toda a estrat\u00e9gia da p\u00e1gina de Facebook. Se a p\u00e1gina est\u00e1 a publicar conte\u00fado que n\u00e3o vai de encontro ao p\u00fablico que ela quer conquistar, dificilmente conseguir\u00e1 gerar vendas atrav\u00e9s do Facebook.<br \/>\n<strong>Nenhum investimento em <em>Facebook Ads<\/em>:<\/strong> Investir em publicidade no Facebook \u00e9 fundamental e voc\u00ea vai perceber isso claramente nos pr\u00f3ximos emails. Ficar sem investir \u00e9, na minha opini\u00e3o, um dos erros mais fulcrais.<br \/>\n<strong>M\u00e1 estrutura\u00e7\u00e3o:<\/strong> A imagem de perfil e a imagem de capa de uma Fan Page s\u00e3o fundamentais para converter f\u00e3s. Sem elas, a convers\u00e3o piora drasticamente.<br \/>\n<strong>Falta de consist\u00eancia:<\/strong> Publicar durante dias consecutivos e depois deixar a p\u00e1gina alguns dias sem atualiza\u00e7\u00f5es \u00e9 outro dos erros mais comuns. Definir um calend\u00e1rio de publica\u00e7\u00f5es e ser rigoroso nesse calend\u00e1rio \u00e9 fundamental!<br \/>\n<strong>Voc\u00ea n\u00e3o segue a regra do 1%:<\/strong> Conseguir 1% de intera\u00e7\u00e3o dos seus f\u00e3s em praticamente todos os seus posts \u00e9 fundamental. Valores abaixo de 1% s\u00e3o motivo de preocupa\u00e7\u00e3o.<br \/>\n<strong>M\u00e1s descri\u00e7\u00f5es:<\/strong> As imagens s\u00e3o fundamentais, mas as descri\u00e7\u00f5es dessas mesmas imagens tamb\u00e9m s\u00e3o importantes. Um dos maiores erros \u00e9 deixar a imagem sem descri\u00e7\u00e3o.<br \/>\n<strong>O seu foco \u00e9 apenas nos likes e coment\u00e1rios:<\/strong> Existem dezenas de m\u00e9tricas que \u00e9 poss\u00edvel analisar no Facebook. Infelizmente, muitos s\u00e3o os gestores das p\u00e1gina que est\u00e3o preocupados apenas com os likes, os coment\u00e1rios ou o alcance\u2026<br \/>\n<strong>Falta de foco nas estat\u00edsticas:<\/strong> As estat\u00edsticas s\u00e3o fundamentais. Durante os pr\u00f3ximos emails, voc\u00ea ver\u00e1 que grande parte da minha estrat\u00e9gia no Facebook \u00e9 baseada numa boa an\u00e1lise das estat\u00edsticas.<br \/>\n<strong>Voc\u00ea n\u00e3o cria identifica\u00e7\u00e3o do f\u00e3 com voc\u00ea ou a sua marca:<\/strong> O que vemos atualmente \u00e9 uma replica\u00e7\u00e3o de conte\u00fado constante, acabando por deixar as p\u00e1ginas sem qualquer identifica\u00e7\u00e3o \u00fanica com o f\u00e3.<br \/>\nAgora olhe para a sua Fan Page e analise se est\u00e1 cometendo alguns destes erros. Aqui voc\u00ea encontra algumas das solu\u00e7\u00f5es para estes problemas: http:\/\/www.vendedorautonomo.com.br\/site\/?submit=&amp;s=facebook. Fique atento!<br \/>\n<small><em>Fonte: Luciano Larrossa, <a title=\"Fonte\" href=\"http:\/\/www.escolafreelancer.com\/\" target=\"_blank\">Escola Freelancer<\/a><\/em><\/small><\/p>\n","protected":false},"excerpt":{"rendered":"<p>Vejo v\u00e1rias p\u00e1ginas de Facebook cometendo erros cruciais praticamente todos os dias. Isso dificulta a cria\u00e7\u00e3o de uma audi\u00eancia, o que depois acaba por traduzir-se em menos vendas. Como o meu objetivo \u00e9 ajud\u00e1-lo a cometer menos erros, eu separei para voc\u00ea aqueles que s\u00e3o, na minha opini\u00e3o, os dez principais erros que acontecem nas &hellip; <br \/><a href=\"https:\/\/vendedorautonomo.com.br\/site\/os-10-maiores-erros-das-fan-pages\/\" class=\"more-link\">Continue lendo <span class=\"screen-reader-text\">Os 10 maiores erros das Fan Pages<\/span><\/a><\/p>\n","protected":false},"author":1,"featured_media":4830,"comment_status":"open","ping_status":"closed","sticky":false,"template":"","format":"standard","meta":{"footnotes":""},"categories":[116,117],"tags":[],"class_list":["post-4829","post","type-post","status-publish","format-standard","has-post-thumbnail","hentry","category-artigos","category-marketing"],"_links":{"self":[{"href":"https:\/\/vendedorautonomo.com.br\/site\/wp-json\/wp\/v2\/posts\/4829","targetHints":{"allow":["GET"]}}],"collection":[{"href":"https:\/\/vendedorautonomo.com.br\/site\/wp-json\/wp\/v2\/posts"}],"about":[{"href":"https:\/\/vendedorautonomo.com.br\/site\/wp-json\/wp\/v2\/types\/post"}],"author":[{"embeddable":true,"href":"https:\/\/vendedorautonomo.com.br\/site\/wp-json\/wp\/v2\/users\/1"}],"replies":[{"embeddable":true,"href":"https:\/\/vendedorautonomo.com.br\/site\/wp-json\/wp\/v2\/comments?post=4829"}],"version-history":[{"count":0,"href":"https:\/\/vendedorautonomo.com.br\/site\/wp-json\/wp\/v2\/posts\/4829\/revisions"}],"wp:featuredmedia":[{"embeddable":true,"href":"https:\/\/vendedorautonomo.com.br\/site\/wp-json\/"}],"wp:attachment":[{"href":"https:\/\/vendedorautonomo.com.br\/site\/wp-json\/wp\/v2\/media?parent=4829"}],"wp:term":[{"taxonomy":"category","embeddable":true,"href":"https:\/\/vendedorautonomo.com.br\/site\/wp-json\/wp\/v2\/categories?post=4829"},{"taxonomy":"post_tag","embeddable":true,"href":"https:\/\/vendedorautonomo.com.br\/site\/wp-json\/wp\/v2\/tags?post=4829"}],"curies":[{"name":"wp","href":"https:\/\/api.w.org\/{rel}","templated":true}]}}