{"id":11120,"date":"2018-01-23T08:54:19","date_gmt":"2018-01-23T10:54:19","guid":{"rendered":"https:\/\/www.vendedorautonomo.com.br\/site\/?p=11120"},"modified":"2018-01-23T08:54:19","modified_gmt":"2018-01-23T10:54:19","slug":"a-festa-acabou","status":"publish","type":"post","link":"https:\/\/vendedorautonomo.com.br\/site\/a-festa-acabou\/","title":{"rendered":"A festa acabou!"},"content":{"rendered":"<h2>Pois \u00e9! As festas acabaram! J\u00e1 se foram o Natal e as comemora\u00e7\u00f5es da passagem de ano e agora o Carnaval. Bem-vindo a 2018!<\/h2>\n<p>E agora?<br \/>\nS\u00f3 sobrou a dura realidade! Sobrou a realidade de que temos que voltar a trabalhar, a construir o hoje para que o amanh\u00e3 possa existir. Sobraram tamb\u00e9m as contas para pagar, \u00e9 claro!<br \/>\nA grande verdade \u00e9 que n\u00e3o adianta chorar, nem reclamar, nem fingir que a festa ainda n\u00e3o acabou. N\u00e3o adianta continuar brincando de Papai Noel ou de Colombina e tamb\u00e9m n\u00e3o adianta j\u00e1 ficar pensando nos feriados de 2018.<br \/>\nTemos que trabalhar! Afinal trabalhamos as oito melhores horas de cada dia, (para a maioria dos trabalhadores \u2013 das 08 \u00e0s 18 horas) vezes os 35 melhores anos de nossa vida (no m\u00ednimo!). Assim, transformar as oito melhores dia nas piores horas e os 35 melhores anos, nos piores anos \u00e9, no m\u00ednimo, uma insanidade.<br \/>\nOs estudos modernos mostram que n\u00f3s \u00e9 que constru\u00edmos em nosso c\u00e9rebro, os sentimentos de felicidade ou infelicidade. Pode reparar que em duas situa\u00e7\u00f5es reais id\u00eanticas, algumas pessoas poder\u00e3o ver lados opostos: negativo e positivo.<br \/>\nAssim, em vez de reclamar, temos que procurar ver o lado positivo de termos que voltar a trabalhar, o lado positivo do fim da festa.<br \/>\nAfinal, se temos que voltar a trabalhar \u00e9 porque temos um emprego, um trabalho. E se temos um trabalho \u00e9 porque somos necess\u00e1rios, \u00fateis para algu\u00e9m ou para alguma coisa. Se fossemos in\u00fateis ou desnecess\u00e1rios, com certeza, n\u00e3o estar\u00edamos no emprego em que estamos, n\u00e3o ter\u00edamos trabalho, talvez nem mesmo estiv\u00e9ssemos vivos ou com sa\u00fade para reclamar.<br \/>\nPense em quantas pessoas desempregadas existem e que dariam tudo para voltar a trabalhar e fazer exatamente o que estamos agora reclamando de termos que fazer.<br \/>\nFestejar \u00e9 muito bom e muito importante para o ser humano. As festas s\u00e3o institui\u00e7\u00f5es milenares da nossa sociedade. Elas existem para que nos confraternizemos, para que paremos com o dia a dia, at\u00e9 para celebrar tudo o que temos: fam\u00edlia, amigos, trabalho, natureza, a colheita e os bens que conquistamos pelo trabalho.<br \/>\nAs festas servem para nos energizar para o dia a dia p\u00f3s-festa. Mas lembre-se que a festa s\u00f3 \u00e9 festa porque trabalhamos, produzimos, temos sa\u00fade. A festa \u00e9 sempre uma gratid\u00e3o por estarmos vivos, podendo celebrar.<br \/>\nAssim, volte a trabalhar feliz e agradecido por voltar. Coloque em pr\u00e1tica as ideias novas que teve. Crie, inove. N\u00e3o deixe que a rotina tome conta de voc\u00ea e trabalhe muito para ter dinheiro e sa\u00fade e poder comemorar todas as festas de sua vida.<br \/>\nPENSE NISSO:<\/p>\n<ul>\n<li>Festejar \u00e9 uma das mais fortes caracter\u00edsticas humanas, desde o homem primitivo. As festas existem para agradecer, celebrar, unir pessoas, confraternizar;<\/li>\n<li>Portanto \u00e9 preciso curtir as festas e celebrar nossas conquistas, agradecer e comemorar por termos chegado at\u00e9 aqui;<\/li>\n<li>A maior tristeza para um ser humano \u00e9 a falta de trabalho, o desemprego, a ociosidade. Pessoas nessas condi\u00e7\u00f5es t\u00eam dificuldade em festejar. Mas conhe\u00e7o muitas delas que conseguem celebrar para agradecer o fato de estarem vivas, por terem sa\u00fade e uma fam\u00edlia que as ampara;<\/li>\n<li>E voc\u00ea? Voc\u00ea \u00e9 uma pessoa que est\u00e1 disposta e preparada para come\u00e7ar 2018 celebrando a vida, celebrando seu trabalho?<\/li>\n<\/ul>\n<p>Pense nisso. Sucesso<br \/>\nAntrop\u00f3logo, escritor e consultor \u2013 <a href=\"http:\/\/www.marins.com.br\">www.marins.com.br<\/a><br \/>\n&nbsp;<br \/>\n<a href=\"https:\/\/www.vendedorautonomo.com.br\/site\/wp-content\/uploads\/2018\/01\/unnamed.jpg\"><img decoding=\"async\" class=\"alignnone wp-image-11131\" src=\"https:\/\/www.vendedorautonomo.com.br\/site\/wp-content\/uploads\/2018\/01\/unnamed-300x200.jpg\" alt=\"\" width=\"212\" height=\"143\" \/><\/a><\/p>\n","protected":false},"excerpt":{"rendered":"<p>Pois \u00e9! As festas acabaram! J\u00e1 se foram o Natal e as comemora\u00e7\u00f5es da passagem de ano e agora o Carnaval. Bem-vindo a 2018! E agora? S\u00f3 sobrou a dura realidade! Sobrou a realidade de que temos que voltar a trabalhar, a construir o hoje para que o amanh\u00e3 possa existir. Sobraram tamb\u00e9m as contas &hellip; <br \/><a href=\"https:\/\/vendedorautonomo.com.br\/site\/a-festa-acabou\/\" class=\"more-link\">Continue lendo <span class=\"screen-reader-text\">A festa acabou!<\/span><\/a><\/p>\n","protected":false},"author":1,"featured_media":216,"comment_status":"open","ping_status":"closed","sticky":false,"template":"","format":"standard","meta":{"footnotes":""},"categories":[116,127],"tags":[315],"class_list":["post-11120","post","type-post","status-publish","format-standard","has-post-thumbnail","hentry","category-artigos","category-motivacao","tag-carreira"],"_links":{"self":[{"href":"https:\/\/vendedorautonomo.com.br\/site\/wp-json\/wp\/v2\/posts\/11120","targetHints":{"allow":["GET"]}}],"collection":[{"href":"https:\/\/vendedorautonomo.com.br\/site\/wp-json\/wp\/v2\/posts"}],"about":[{"href":"https:\/\/vendedorautonomo.com.br\/site\/wp-json\/wp\/v2\/types\/post"}],"author":[{"embeddable":true,"href":"https:\/\/vendedorautonomo.com.br\/site\/wp-json\/wp\/v2\/users\/1"}],"replies":[{"embeddable":true,"href":"https:\/\/vendedorautonomo.com.br\/site\/wp-json\/wp\/v2\/comments?post=11120"}],"version-history":[{"count":0,"href":"https:\/\/vendedorautonomo.com.br\/site\/wp-json\/wp\/v2\/posts\/11120\/revisions"}],"wp:featuredmedia":[{"embeddable":true,"href":"https:\/\/vendedorautonomo.com.br\/site\/wp-json\/"}],"wp:attachment":[{"href":"https:\/\/vendedorautonomo.com.br\/site\/wp-json\/wp\/v2\/media?parent=11120"}],"wp:term":[{"taxonomy":"category","embeddable":true,"href":"https:\/\/vendedorautonomo.com.br\/site\/wp-json\/wp\/v2\/categories?post=11120"},{"taxonomy":"post_tag","embeddable":true,"href":"https:\/\/vendedorautonomo.com.br\/site\/wp-json\/wp\/v2\/tags?post=11120"}],"curies":[{"name":"wp","href":"https:\/\/api.w.org\/{rel}","templated":true}]}}