{"id":10972,"date":"2017-10-20T15:01:35","date_gmt":"2017-10-20T17:01:35","guid":{"rendered":"http:\/\/www.vendedorautonomo.com.br\/site\/?p=10972"},"modified":"2018-08-28T05:51:32","modified_gmt":"2018-08-28T08:51:32","slug":"regras-de-aviso-previo-para-representante-comercial","status":"publish","type":"post","link":"https:\/\/vendedorautonomo.com.br\/site\/regras-de-aviso-previo-para-representante-comercial\/","title":{"rendered":"Regras de Aviso Pr\u00e9vio para Representante Comercial"},"content":{"rendered":"<p>O artigo 34 da Lei n.\u00ba 4.886\/65 (Lei dos Representantes Comerciais) possui a seguinte reda\u00e7\u00e3o: \u201cA den\u00fancia, por qualquer das partes, sem causa justificada, do contrato de representa\u00e7\u00e3o, ajustado por tempo indeterminado e que haja vigorado por mais de seis meses, obriga o denunciante, salvo outra garantia prevista no contrato, \u00e0 concess\u00e3o de pr\u00e9-aviso, com anteced\u00eancia m\u00ednima de trinta dias, ou ao pagamento de import\u00e2ncia igual a um ter\u00e7o (1\/3) das comiss\u00f5es auferidas pelo representante, nos tr\u00eas meses anteriores\u201d.<br \/>\n<img decoding=\"async\" class=\"alignright size-full wp-image-10973\" src=\"http:\/\/www.vendedorautonomo.com.br\/site\/wp-content\/uploads\/2017\/10\/Aviso-pr\u00e9vio-escrito.jpg\" alt=\"\" width=\"225\" height=\"225\" \/>O citado artigo serve para regular a concess\u00e3o de aviso pr\u00e9vio quando da rescis\u00e3o do contrato de representa\u00e7\u00e3o comercial, por qualquer uma das partes, ou seja, tanto pelo representante comercial como pela representada, sendo que a parte que solicita a rescis\u00e3o dever\u00e1 conceder um pr\u00e9-aviso com anteced\u00eancia m\u00ednima de trinta dias. Entretanto, o artigo imp\u00f5e algumas condi\u00e7\u00f5es para concess\u00e3o deste.<br \/>\nPara que ocorra a condi\u00e7\u00e3o de aviso pr\u00e9vio, \u00e9 necess\u00e1rio que o contrato de representa\u00e7\u00e3o comercial seja por tempo indeterminado e tenha vigorado por mais de seis meses. O contrato de representa\u00e7\u00e3o, por tempo indeterminado, e que haja vigorado por tempo inferior a este, \u00e9 tido como de experi\u00eancia. Por isso n\u00e3o existe a concess\u00e3o de pr\u00e9-aviso neste per\u00edodo.<br \/>\nO referido artigo tamb\u00e9m traz a possibilidade de substituir-se o aviso pr\u00e9vio por uma indeniza\u00e7\u00e3o. Dessa forma, o denunciante ficaria obrigado a converter o prazo de 30 dias em indeniza\u00e7\u00e3o equivalente a um ter\u00e7o (1\/3) das comiss\u00f5es auferidas pelo representante, nos tr\u00eas meses anteriores \u00e0 den\u00fancia do contrato. Para efeito de c\u00e1lculo, os valores das comiss\u00f5es dever\u00e3o ser corrigidos monetariamente, conforme disp\u00f5e o artigo 33, par\u00e1grafo 3\u00ba da Lei dos Representantes Comerciais.<br \/>\n\u00c9 importante ressaltar que a concess\u00e3o de aviso pr\u00e9vio ou o pagamento de indeniza\u00e7\u00e3o equivalente, n\u00e3o substitui a indeniza\u00e7\u00e3o prevista no artigo 27, letra \u201cj\u201d, da Lei n.\u00ba 4.886\/65, sendo que esta \u00faltima constitui um direito independente do aviso pr\u00e9vio, possuindo uma natureza compensat\u00f3ria de perdas e danos pelo rompimento contratual. J\u00e1 o aviso pr\u00e9vio possui natureza remunerat\u00f3ria, pois serve para auxiliar o representante comercial enquanto procura outra representa\u00e7\u00e3o. Sendo assim, mesmo que a representada rescinda sem causa justificada o contrato de representa\u00e7\u00e3o e conceda aviso pr\u00e9vio ou pague valor correspondente, o representante comercial ter\u00e1 direito a receber a indeniza\u00e7\u00e3o prevista no artigo 27, letra \u201cj\u201d, da Lei dos representantes comerciais.<br \/>\nConclu\u00ed-se que o legislador tenha sido coerente ao estipular o aviso pr\u00e9vio nos contratos de representa\u00e7\u00e3o comercial, pois dessa forma, tanto o representante comercial quanto \u00e0 representada, ter\u00e3o um tempo h\u00e1bil para se reorganizarem e reestruturarem, evitando maiores preju\u00edzos \u00e0 seus neg\u00f3cios.<br \/>\n<em>Fonte: Eduardo Roberto Vieira, OAB\/SC 18.009 &#8211; CORE\/SC<\/em><\/p>\n","protected":false},"excerpt":{"rendered":"<p>O artigo 34 da Lei n.\u00ba 4.886\/65 (Lei dos Representantes Comerciais) possui a seguinte reda\u00e7\u00e3o: \u201cA den\u00fancia, por qualquer das partes, sem causa justificada, do contrato de representa\u00e7\u00e3o, ajustado por tempo indeterminado e que haja vigorado por mais de seis meses, obriga o denunciante, salvo outra garantia prevista no contrato, \u00e0 concess\u00e3o de pr\u00e9-aviso, com &hellip; <br \/><a href=\"https:\/\/vendedorautonomo.com.br\/site\/regras-de-aviso-previo-para-representante-comercial\/\" class=\"more-link\">Continue lendo <span class=\"screen-reader-text\">Regras de Aviso Pr\u00e9vio para Representante Comercial<\/span><\/a><\/p>\n","protected":false},"author":1,"featured_media":10973,"comment_status":"open","ping_status":"closed","sticky":false,"template":"","format":"standard","meta":{"footnotes":""},"categories":[128,114],"tags":[],"class_list":["post-10972","post","type-post","status-publish","format-standard","has-post-thumbnail","hentry","category-apoio-ao-vendedor","category-dicas"],"_links":{"self":[{"href":"https:\/\/vendedorautonomo.com.br\/site\/wp-json\/wp\/v2\/posts\/10972","targetHints":{"allow":["GET"]}}],"collection":[{"href":"https:\/\/vendedorautonomo.com.br\/site\/wp-json\/wp\/v2\/posts"}],"about":[{"href":"https:\/\/vendedorautonomo.com.br\/site\/wp-json\/wp\/v2\/types\/post"}],"author":[{"embeddable":true,"href":"https:\/\/vendedorautonomo.com.br\/site\/wp-json\/wp\/v2\/users\/1"}],"replies":[{"embeddable":true,"href":"https:\/\/vendedorautonomo.com.br\/site\/wp-json\/wp\/v2\/comments?post=10972"}],"version-history":[{"count":0,"href":"https:\/\/vendedorautonomo.com.br\/site\/wp-json\/wp\/v2\/posts\/10972\/revisions"}],"wp:featuredmedia":[{"embeddable":true,"href":"https:\/\/vendedorautonomo.com.br\/site\/wp-json\/"}],"wp:attachment":[{"href":"https:\/\/vendedorautonomo.com.br\/site\/wp-json\/wp\/v2\/media?parent=10972"}],"wp:term":[{"taxonomy":"category","embeddable":true,"href":"https:\/\/vendedorautonomo.com.br\/site\/wp-json\/wp\/v2\/categories?post=10972"},{"taxonomy":"post_tag","embeddable":true,"href":"https:\/\/vendedorautonomo.com.br\/site\/wp-json\/wp\/v2\/tags?post=10972"}],"curies":[{"name":"wp","href":"https:\/\/api.w.org\/{rel}","templated":true}]}}